{"id":3188,"date":"2026-04-27T16:26:27","date_gmt":"2026-04-27T19:26:27","guid":{"rendered":"https:\/\/www.agazetadepinhais.com.br\/?p=3188"},"modified":"2026-04-27T16:26:28","modified_gmt":"2026-04-27T19:26:28","slug":"a-maratona-internacional-do-parana-entra-para-a-historia-ao-transformar-o-litoral-em-um-grande-cenario-de-esporte-integracao-regional-e-valorizacao-do-turismo","status":"publish","type":"post","link":"https:\/\/www.agazetadepinhais.com.br\/?p=3188","title":{"rendered":"A Maratona Internacional do Paran\u00e1 entra para a hist\u00f3ria ao transformar o litoral em um grande cen\u00e1rio de esporte, integra\u00e7\u00e3o regional e valoriza\u00e7\u00e3o do turismo"},"content":{"rendered":"\n<p>A Maratona Internacional do Paran\u00e1 (MIP) acontece no pr\u00f3ximo final de semana, dias 2 e 3 de maio, no litoral do Paran\u00e1. Com 20 mil atletas confirmados, a nova corrida \u00e9 a maior j\u00e1 realizada no estado.&nbsp;<\/p>\n\n\n\n<p>Os percursos s\u00e3o nas cidades de Guaratuba e Matinhos. No s\u00e1bado (02), ser\u00e3o disputadas as corridas de 5Km e 21Km. J\u00e1 no domingo (03), ser\u00e1 a vez das provas de 10Km e 42Km (maratona).<\/p>\n\n\n\n<p>O grande diferencial da MIP \u00e9 o trajeto que passa pela nova Ponte de Guaratuba, principal cart\u00e3o-postal da corrida. Todos os percursos incluem a travessia pela estrutura, transformando a experi\u00eancia em uma combina\u00e7\u00e3o de esporte, paisagem e realiza\u00e7\u00e3o em um dos projetos de infraestrutura mais emblem\u00e1ticos do Estado do Paran\u00e1.<\/p>\n\n\n\n<p>\u201cEstamos falando de um evento que une esporte, turismo e um s\u00edmbolo muito forte para o Paran\u00e1. A Ponte de Guaratuba representa um sonho coletivo, e atravess\u00e1-la correndo ser\u00e1 uma experi\u00eancia \u00fanica para milhares de atletas\u201d, destaca Marcos Pinheiro, diretor geral do evento.<\/p>\n\n\n\n<p><strong>COMO CHEGAR<\/strong><\/p>\n\n\n\n<p>A Ponte de Guaratuba ser\u00e1 fechada para o tr\u00e2nsito de ve\u00edculos a partir das 5 horas dos dias de prova. Quem estiver fora do munic\u00edpio, para chegar at\u00e9 o local de largada (na R. Ant\u00f4nio Rocha, 480, em Guaratuba) ser\u00e1 necess\u00e1rio atravessar a ponte antes desse hor\u00e1rio, utilizar a travessia por ferry boat ou passar pela ponte a p\u00e9.&nbsp;<\/p>\n\n\n\n<p><strong>PREVIS\u00c3O DO TEMPO&nbsp;<\/strong><\/p>\n\n\n\n<p>De acordo com o Simepar (Sistema de Tecnologia e Monitoramento Ambiental do Paran\u00e1), h\u00e1 previs\u00e3o de chuva no s\u00e1bado (2), no Litoral do Paran\u00e1. A m\u00ednima prevista \u00e9 de 20\u00baC e m\u00e1xima de 29\u00baC.&nbsp;<\/p>\n\n\n\n<p>No domingo (3) tamb\u00e9m deve chover. A m\u00ednima prevista \u00e9 de 18\u00baC e a m\u00e1xima \u00e9 de 22\u00baC.&nbsp;<\/p>\n\n\n\n<p><strong>HOR\u00c1RIOS DE LARGADA<\/strong><\/p>\n\n\n\n<p><strong>S\u00c1BADO&nbsp;<\/strong><\/p>\n\n\n\n<p><strong>05km \u2013 06h00<br><\/strong>\u25cf 1\u00aa \u2013 Largada: ACD \u2013 5 km<\/p>\n\n\n\n<p>\u25cf 2\u00aa \u2013 Largada: Corrida 5 km<\/p>\n\n\n\n<p><strong>21km \u2013 07h15&nbsp;<\/strong><\/p>\n\n\n\n<p>\u25cf 1\u00aa \u2013 Largada: ACD \u2013 21 km<\/p>\n\n\n\n<p>\u25cf 2\u00aa \u2013 Largada: Elite Feminina e Elite Masculina \u2013 21 km + P\u00fablico Geral \u2013 21 km<\/p>\n\n\n\n<p><strong>Maratoninha \u2013 16h&nbsp;<\/strong><\/p>\n\n\n\n<p><strong>DOMINGO<\/strong><\/p>\n\n\n\n<p><strong>42km e 10km \u2013 06h00<br><\/strong>\u25cf 1\u00aa \u2013 Largada: ACD \u2013 42km<\/p>\n\n\n\n<p>\u25cf 2\u00aa \u2013 Largada: Elite Feminina e Elite Masculina \u2013 42 km + P\u00fablico Geral \u2013 42 km<\/p>\n\n\n\n<p>\u25cf 3\u00aa \u2013 Largada: ACD \u2013 10 km<\/p>\n\n\n\n<p>\u25cf 4\u00aa \u2013 Largada: P\u00fablico Geral \u2013 10km<\/p>\n\n\n\n<p><strong>PREMIA\u00c7\u00c3O&nbsp;<\/strong><\/p>\n\n\n\n<p>A premia\u00e7\u00e3o total anunciada pela organiza\u00e7\u00e3o ultrapassa R$ 300 mil. O destaque fica para os campe\u00f5es da maratona (42K), que receber\u00e3o R$ 50 mil cada nas categorias masculina e feminina, al\u00e9m de b\u00f4nus de R$ 10 mil para o primeiro brasileiro e a primeira brasileira.<\/p>\n\n\n\n<p><strong>PERCURSO<\/strong><\/p>\n\n\n\n<p>Na maratona completa (42 km), o percurso concentra duas subidas fortes antes e depois da travessia, respons\u00e1veis por um ganho total de eleva\u00e7\u00e3o de 232 metros. Esses trechos exigem leitura de prova e controle de ritmo, mas s\u00e3o compensados por extensos segmentos planos, especialmente pelas ruas e orlas de Matinhos e Guaratuba, que favorecem const\u00e2ncia e manuten\u00e7\u00e3o de velocidade.<\/p>\n\n\n\n<p>A altimetria da maratona est\u00e1 organizada em tr\u00eas fases distintas. O in\u00edcio re\u00fane uma sequ\u00eancia de subida, descida e nova subida, seguida por um trecho plano. No meio da prova, h\u00e1 nova subida acentuada com descida subsequente. O final \u00e9 totalmente plano, permitindo que os atletas administrem o esfor\u00e7o ou acelerem nos quil\u00f4metros decisivos.<\/p>\n\n\n\n<p>As demais dist\u00e2ncias seguem a mesma l\u00f3gica de percurso. As provas de 5 km e 21 km come\u00e7am com subida forte, seguem em descida, cruzam a ponte e retornam, exigindo aten\u00e7\u00e3o desde a largada. J\u00e1 os 10 km distribuem duas subidas e duas descidas ao longo da ida e da volta, configurando uma prova de exig\u00eancia f\u00edsica intermedi\u00e1ria.<\/p>\n\n\n\n<p>&nbsp;Os ganhos de eleva\u00e7\u00e3o confirmados pela organiza\u00e7\u00e3o s\u00e3o:<\/p>\n\n\n\n<p>\u00b7&nbsp; &nbsp; &nbsp; &nbsp; &nbsp; &nbsp; &nbsp; &nbsp; &nbsp;&nbsp;<a href=\"https:\/\/www.strava.com\/routes\/3433521406188512676\" target=\"_blank\" rel=\"noreferrer noopener\">5 km \u2013 128 m<br><\/a>\u00b7&nbsp; &nbsp; &nbsp; &nbsp; &nbsp; &nbsp; &nbsp; &nbsp; &nbsp;&nbsp;<a href=\"https:\/\/www.strava.com\/routes\/3433506847096979352\" target=\"_blank\" rel=\"noreferrer noopener\">10 km \u2013 202 m<br><\/a>\u00b7&nbsp; &nbsp; &nbsp; &nbsp; &nbsp; &nbsp; &nbsp; &nbsp; &nbsp;&nbsp;<a href=\"https:\/\/www.strava.com\/routes\/3433521406190405028\" target=\"_blank\" rel=\"noreferrer noopener\">21 km \u2013 141 m<br><\/a>\u00b7&nbsp; &nbsp; &nbsp; &nbsp; &nbsp; &nbsp; &nbsp;&nbsp;<a href=\"https:\/\/www.strava.com\/routes\/3433531745361468742\" target=\"_blank\" rel=\"noreferrer noopener\">&nbsp;&nbsp;&nbsp;&nbsp;42 km \u2013 232 m<\/a><\/p>\n\n\n\n<p><strong>MARATONINHA<\/strong><\/p>\n\n\n\n<p>&nbsp;A prova especial&nbsp; vai reunir crian\u00e7as e adolescentes com idades entre 4 e 13 anos dentro da 1\u00aa Maratona Internacional do Paran\u00e1 e far\u00e1 parte da programa\u00e7\u00e3o oficial do evento. As corridas v\u00e3o acontecer no dia 2 de maio, a partir das 16 horas, em Guaratuba. Os percursos variam de 100 a 800 metros, de acordo com a idade dos participantes.<\/p>\n\n\n\n<p>As largadas ser\u00e3o organizadas por faixas et\u00e1rias: 4 a 6 anos, 7 a 9 anos e 10 a 13 anos. Com foco nos jovens, a \u201cMaratoninha\u201d tem por objetivo incentivar o esporte desde a inf\u00e2ncia, al\u00e9m de proporcionar uma experi\u00eancia l\u00fadica para os participantes. A \u201cMaratoninha\u201d nasceu com um prop\u00f3sito social e 90% das vagas foram destinadas \u00e0s crian\u00e7as das escolas p\u00fablicas de Guaratuba e Matinhos.<\/p>\n\n\n\n<p><strong>A Maratona Internacional do Paran\u00e1 (MIP) acontece no pr\u00f3ximo m\u00eas de maio, nos dias 02 (provas de 5 km e 21 km) e 03 (provas de 10 km, e 42 km), com percursos entre as cidades Guaratuba e Matinhos. Para mais informa\u00e7\u00f5es, acompanhe o perfil oficial da prova no Instagram: @maratonainternacionalpr.<\/strong><\/p>\n","protected":false},"excerpt":{"rendered":"<p>A Maratona Internacional do Paran\u00e1 (MIP) acontece no pr\u00f3ximo final de semana, dias 2 e 3 de maio, no litoral<\/p>\n","protected":false},"author":1,"featured_media":3189,"comment_status":"closed","ping_status":"closed","sticky":false,"template":"","format":"standard","meta":{"footnotes":""},"categories":[10,1,5],"tags":[],"class_list":["post-3188","post","type-post","status-publish","format-standard","has-post-thumbnail","hentry","category-cultura-lazer","category-destaque","category-esporte"],"magazineBlocksPostFeaturedMedia":{"thumbnail":"https:\/\/www.agazetadepinhais.com.br\/wp-content\/uploads\/A-Maratona-Internacional-do-Parana-entra-para-a-historia-ao-transformar-o-litoral-em-um-grande-cenario-de-esporte-integracao-regional-e-valorizacao-do-turismo-150x150.jpeg","medium":"https:\/\/www.agazetadepinhais.com.br\/wp-content\/uploads\/A-Maratona-Internacional-do-Parana-entra-para-a-historia-ao-transformar-o-litoral-em-um-grande-cenario-de-esporte-integracao-regional-e-valorizacao-do-turismo-300x173.jpeg","medium_large":"https:\/\/www.agazetadepinhais.com.br\/wp-content\/uploads\/A-Maratona-Internacional-do-Parana-entra-para-a-historia-ao-transformar-o-litoral-em-um-grande-cenario-de-esporte-integracao-regional-e-valorizacao-do-turismo-768x442.jpeg","large":"https:\/\/www.agazetadepinhais.com.br\/wp-content\/uploads\/A-Maratona-Internacional-do-Parana-entra-para-a-historia-ao-transformar-o-litoral-em-um-grande-cenario-de-esporte-integracao-regional-e-valorizacao-do-turismo.jpeg","1536x1536":"https:\/\/www.agazetadepinhais.com.br\/wp-content\/uploads\/A-Maratona-Internacional-do-Parana-entra-para-a-historia-ao-transformar-o-litoral-em-um-grande-cenario-de-esporte-integracao-regional-e-valorizacao-do-turismo.jpeg","2048x2048":"https:\/\/www.agazetadepinhais.com.br\/wp-content\/uploads\/A-Maratona-Internacional-do-Parana-entra-para-a-historia-ao-transformar-o-litoral-em-um-grande-cenario-de-esporte-integracao-regional-e-valorizacao-do-turismo.jpeg","colormag-highlighted-post":"https:\/\/www.agazetadepinhais.com.br\/wp-content\/uploads\/A-Maratona-Internacional-do-Parana-entra-para-a-historia-ao-transformar-o-litoral-em-um-grande-cenario-de-esporte-integracao-regional-e-valorizacao-do-turismo-392x272.jpeg","colormag-featured-post-medium":"https:\/\/www.agazetadepinhais.com.br\/wp-content\/uploads\/A-Maratona-Internacional-do-Parana-entra-para-a-historia-ao-transformar-o-litoral-em-um-grande-cenario-de-esporte-integracao-regional-e-valorizacao-do-turismo-390x205.jpeg","colormag-featured-post-small":"https:\/\/www.agazetadepinhais.com.br\/wp-content\/uploads\/A-Maratona-Internacional-do-Parana-entra-para-a-historia-ao-transformar-o-litoral-em-um-grande-cenario-de-esporte-integracao-regional-e-valorizacao-do-turismo-130x90.jpeg","colormag-featured-image":"https:\/\/www.agazetadepinhais.com.br\/wp-content\/uploads\/A-Maratona-Internacional-do-Parana-entra-para-a-historia-ao-transformar-o-litoral-em-um-grande-cenario-de-esporte-integracao-regional-e-valorizacao-do-turismo-800x445.jpeg"},"magazineBlocksPostAuthor":{"name":"Jornalismo","avatar":"https:\/\/secure.gravatar.com\/avatar\/2acad9e1caa2077e8e91ffd99d6344a1d343e125764061d3b5f15259b0d7cbb1?s=96&d=blank&r=g"},"magazineBlocksPostCommentsNumber":false,"magazineBlocksPostExcerpt":"A Maratona Internacional do Paran\u00e1 (MIP) acontece no pr\u00f3ximo final de semana, dias 2 e 3 de maio, no litoral","magazineBlocksPostCategories":["CULTURA &amp; LAZER","DESTAQUE","ESPORTE"],"magazineBlocksPostViewCount":78,"magazineBlocksPostReadTime":5,"magazine_blocks_featured_image_url":{"full":["https:\/\/www.agazetadepinhais.com.br\/wp-content\/uploads\/A-Maratona-Internacional-do-Parana-entra-para-a-historia-ao-transformar-o-litoral-em-um-grande-cenario-de-esporte-integracao-regional-e-valorizacao-do-turismo.jpeg",800,460,false],"medium":["https:\/\/www.agazetadepinhais.com.br\/wp-content\/uploads\/A-Maratona-Internacional-do-Parana-entra-para-a-historia-ao-transformar-o-litoral-em-um-grande-cenario-de-esporte-integracao-regional-e-valorizacao-do-turismo-300x173.jpeg",300,173,true],"thumbnail":["https:\/\/www.agazetadepinhais.com.br\/wp-content\/uploads\/A-Maratona-Internacional-do-Parana-entra-para-a-historia-ao-transformar-o-litoral-em-um-grande-cenario-de-esporte-integracao-regional-e-valorizacao-do-turismo-150x150.jpeg",150,150,true]},"magazine_blocks_author":{"display_name":"Jornalismo","author_link":"https:\/\/www.agazetadepinhais.com.br\/?author=1"},"magazine_blocks_comment":0,"magazine_blocks_author_image":"https:\/\/secure.gravatar.com\/avatar\/2acad9e1caa2077e8e91ffd99d6344a1d343e125764061d3b5f15259b0d7cbb1?s=96&d=blank&r=g","magazine_blocks_category":"<a href=\"#\" class=\"category-link category-link-10\">CULTURA &amp; LAZER<\/a> <a href=\"#\" class=\"category-link category-link-1\">DESTAQUE<\/a> <a href=\"#\" class=\"category-link category-link-5\">ESPORTE<\/a>","_links":{"self":[{"href":"https:\/\/www.agazetadepinhais.com.br\/index.php?rest_route=\/wp\/v2\/posts\/3188","targetHints":{"allow":["GET"]}}],"collection":[{"href":"https:\/\/www.agazetadepinhais.com.br\/index.php?rest_route=\/wp\/v2\/posts"}],"about":[{"href":"https:\/\/www.agazetadepinhais.com.br\/index.php?rest_route=\/wp\/v2\/types\/post"}],"author":[{"embeddable":true,"href":"https:\/\/www.agazetadepinhais.com.br\/index.php?rest_route=\/wp\/v2\/users\/1"}],"replies":[{"embeddable":true,"href":"https:\/\/www.agazetadepinhais.com.br\/index.php?rest_route=%2Fwp%2Fv2%2Fcomments&post=3188"}],"version-history":[{"count":1,"href":"https:\/\/www.agazetadepinhais.com.br\/index.php?rest_route=\/wp\/v2\/posts\/3188\/revisions"}],"predecessor-version":[{"id":3190,"href":"https:\/\/www.agazetadepinhais.com.br\/index.php?rest_route=\/wp\/v2\/posts\/3188\/revisions\/3190"}],"wp:featuredmedia":[{"embeddable":true,"href":"https:\/\/www.agazetadepinhais.com.br\/index.php?rest_route=\/wp\/v2\/media\/3189"}],"wp:attachment":[{"href":"https:\/\/www.agazetadepinhais.com.br\/index.php?rest_route=%2Fwp%2Fv2%2Fmedia&parent=3188"}],"wp:term":[{"taxonomy":"category","embeddable":true,"href":"https:\/\/www.agazetadepinhais.com.br\/index.php?rest_route=%2Fwp%2Fv2%2Fcategories&post=3188"},{"taxonomy":"post_tag","embeddable":true,"href":"https:\/\/www.agazetadepinhais.com.br\/index.php?rest_route=%2Fwp%2Fv2%2Ftags&post=3188"}],"curies":[{"name":"wp","href":"https:\/\/api.w.org\/{rel}","templated":true}]}}